{"id":5568,"date":"2020-04-15T17:23:25","date_gmt":"2020-04-15T15:23:25","guid":{"rendered":"http:\/\/aeroclub-val-durance.fr\/?p=5568"},"modified":"2020-04-19T16:33:00","modified_gmt":"2020-04-19T14:33:00","slug":"covid19-fermeture-de-laeroclub","status":"publish","type":"post","link":"https:\/\/aeroclub-val-durance.fr\/index.php\/2020\/04\/15\/covid19-fermeture-de-laeroclub\/","title":{"rendered":"COVID19 &#8211; Fermeture de l&rsquo;a\u00e9roclub"},"content":{"rendered":"<p style=\"text-align: center;\"><strong>En raison de la crise sanitaire qui s\u00e9vit en France, et conform\u00e9ment aux mesures gouvernementales, l&rsquo;AAVD est ferm\u00e9 et le restera aussi longtemps que n\u00e9cessaire.<\/strong><\/p>\n<p style=\"text-align: center;\"><strong>Les cl\u00e9s et carnets de route des avions ont \u00e9t\u00e9 retir\u00e9s.<\/strong><\/p>\n","protected":false},"excerpt":{"rendered":"<p>En raison de la crise sanitaire qui s\u00e9vit en France, et conform\u00e9ment aux mesures gouvernementales, l&rsquo;AAVD est ferm\u00e9 et le restera aussi longtemps que n\u00e9cessaire. Les cl\u00e9s et carnets de route des avions ont \u00e9t\u00e9 retir\u00e9s.<\/p>\n","protected":false},"author":1,"featured_media":5576,"comment_status":"open","ping_status":"open","sticky":false,"template":"","format":"standard","meta":{"_jetpack_memberships_contains_paid_content":false,"footnotes":""},"categories":[6],"tags":[],"class_list":["post-5568","post","type-post","status-publish","format-standard","has-post-thumbnail","hentry","category-actus"],"yoast_head":"<!-- This site is optimized with the Yoast SEO plugin v24.9 - https:\/\/yoast.com\/wordpress\/plugins\/seo\/ -->\n<title>COVID19 - Fermeture de l&#039;a\u00e9roclub - A\u00e9roclub Val de Durance<\/title>\n<meta name=\"robots\" content=\"index, follow, max-snippet:-1, max-image-preview:large, max-video-preview:-1\" \/>\n<link rel=\"canonical\" href=\"http:\/\/aeroclub-val-durance.fr\/index.php\/2020\/04\/15\/covid19-fermeture-de-laeroclub\/\" \/>\n<meta property=\"og:locale\" content=\"fr_FR\" \/>\n<meta property=\"og:type\" content=\"article\" \/>\n<meta property=\"og:title\" content=\"COVID19 - Fermeture de l&#039;a\u00e9roclub - A\u00e9roclub Val de Durance\" \/>\n<meta property=\"og:description\" content=\"En raison de la crise sanitaire qui s\u00e9vit en France, et conform\u00e9ment aux mesures gouvernementales, l&rsquo;AAVD est ferm\u00e9 et le restera aussi longtemps que n\u00e9cessaire. Les cl\u00e9s et carnets de route des avions ont \u00e9t\u00e9 retir\u00e9s.\" \/>\n<meta property=\"og:url\" content=\"http:\/\/aeroclub-val-durance.fr\/index.php\/2020\/04\/15\/covid19-fermeture-de-laeroclub\/\" \/>\n<meta property=\"og:site_name\" content=\"A\u00e9roclub Val de Durance\" \/>\n<meta property=\"article:publisher\" content=\"https:\/\/www.facebook.com\/aavdgaptallard\/?ref=bookmarks\" \/>\n<meta property=\"article:published_time\" content=\"2020-04-15T15:23:25+00:00\" \/>\n<meta property=\"article:modified_time\" content=\"2020-04-19T14:33:00+00:00\" \/>\n<meta property=\"og:image\" content=\"https:\/\/i0.wp.com\/aeroclub-val-durance.fr\/wp-content\/uploads\/2020\/04\/cropped-imgp1690.jpg?fit=1200%2C421\" \/>\n\t<meta property=\"og:image:width\" content=\"1200\" \/>\n\t<meta property=\"og:image:height\" content=\"421\" \/>\n\t<meta property=\"og:image:type\" content=\"image\/jpeg\" \/>\n<meta name=\"author\" content=\"admin5813\" \/>\n<meta name=\"twitter:card\" content=\"summary_large_image\" \/>\n<meta name=\"twitter:label1\" content=\"\u00c9crit par\" \/>\n\t<meta name=\"twitter:data1\" content=\"admin5813\" \/>\n<script type=\"application\/ld+json\" class=\"yoast-schema-graph\">{\"@context\":\"https:\/\/schema.org\",\"@graph\":[{\"@type\":\"Article\",\"@id\":\"http:\/\/aeroclub-val-durance.fr\/index.php\/2020\/04\/15\/covid19-fermeture-de-laeroclub\/#article\",\"isPartOf\":{\"@id\":\"http:\/\/aeroclub-val-durance.fr\/index.php\/2020\/04\/15\/covid19-fermeture-de-laeroclub\/\"},\"author\":{\"name\":\"admin5813\",\"@id\":\"https:\/\/aeroclub-val-durance.fr\/#\/schema\/person\/bfe95a4c2554d9bd6d0976a180909b17\"},\"headline\":\"COVID19 &#8211; Fermeture de l&rsquo;a\u00e9roclub\",\"datePublished\":\"2020-04-15T15:23:25+00:00\",\"dateModified\":\"2020-04-19T14:33:00+00:00\",\"mainEntityOfPage\":{\"@id\":\"http:\/\/aeroclub-val-durance.fr\/index.php\/2020\/04\/15\/covid19-fermeture-de-laeroclub\/\"},\"wordCount\":47,\"commentCount\":0,\"publisher\":{\"@id\":\"https:\/\/aeroclub-val-durance.fr\/#organization\"},\"image\":{\"@id\":\"http:\/\/aeroclub-val-durance.fr\/index.php\/2020\/04\/15\/covid19-fermeture-de-laeroclub\/#primaryimage\"},\"thumbnailUrl\":\"https:\/\/i0.wp.com\/aeroclub-val-durance.fr\/wp-content\/uploads\/2020\/04\/cropped-imgp1690.jpg?fit=1200%2C421&ssl=1\",\"articleSection\":[\"actus\"],\"inLanguage\":\"fr-FR\",\"potentialAction\":[{\"@type\":\"CommentAction\",\"name\":\"Comment\",\"target\":[\"http:\/\/aeroclub-val-durance.fr\/index.php\/2020\/04\/15\/covid19-fermeture-de-laeroclub\/#respond\"]}]},{\"@type\":\"WebPage\",\"@id\":\"http:\/\/aeroclub-val-durance.fr\/index.php\/2020\/04\/15\/covid19-fermeture-de-laeroclub\/\",\"url\":\"http:\/\/aeroclub-val-durance.fr\/index.php\/2020\/04\/15\/covid19-fermeture-de-laeroclub\/\",\"name\":\"COVID19 - Fermeture de l'a\u00e9roclub - A\u00e9roclub Val de Durance\",\"isPartOf\":{\"@id\":\"https:\/\/aeroclub-val-durance.fr\/#website\"},\"primaryImageOfPage\":{\"@id\":\"http:\/\/aeroclub-val-durance.fr\/index.php\/2020\/04\/15\/covid19-fermeture-de-laeroclub\/#primaryimage\"},\"image\":{\"@id\":\"http:\/\/aeroclub-val-durance.fr\/index.php\/2020\/04\/15\/covid19-fermeture-de-laeroclub\/#primaryimage\"},\"thumbnailUrl\":\"https:\/\/i0.wp.com\/aeroclub-val-durance.fr\/wp-content\/uploads\/2020\/04\/cropped-imgp1690.jpg?fit=1200%2C421&ssl=1\",\"datePublished\":\"2020-04-15T15:23:25+00:00\",\"dateModified\":\"2020-04-19T14:33:00+00:00\",\"breadcrumb\":{\"@id\":\"http:\/\/aeroclub-val-durance.fr\/index.php\/2020\/04\/15\/covid19-fermeture-de-laeroclub\/#breadcrumb\"},\"inLanguage\":\"fr-FR\",\"potentialAction\":[{\"@type\":\"ReadAction\",\"target\":[\"http:\/\/aeroclub-val-durance.fr\/index.php\/2020\/04\/15\/covid19-fermeture-de-laeroclub\/\"]}]},{\"@type\":\"ImageObject\",\"inLanguage\":\"fr-FR\",\"@id\":\"http:\/\/aeroclub-val-durance.fr\/index.php\/2020\/04\/15\/covid19-fermeture-de-laeroclub\/#primaryimage\",\"url\":\"https:\/\/i0.wp.com\/aeroclub-val-durance.fr\/wp-content\/uploads\/2020\/04\/cropped-imgp1690.jpg?fit=1200%2C421&ssl=1\",\"contentUrl\":\"https:\/\/i0.wp.com\/aeroclub-val-durance.fr\/wp-content\/uploads\/2020\/04\/cropped-imgp1690.jpg?fit=1200%2C421&ssl=1\",\"width\":1200,\"height\":421},{\"@type\":\"BreadcrumbList\",\"@id\":\"http:\/\/aeroclub-val-durance.fr\/index.php\/2020\/04\/15\/covid19-fermeture-de-laeroclub\/#breadcrumb\",\"itemListElement\":[{\"@type\":\"ListItem\",\"position\":1,\"name\":\"Accueil\",\"item\":\"https:\/\/aeroclub-val-durance.fr\/\"},{\"@type\":\"ListItem\",\"position\":2,\"name\":\"COVID19 &#8211; Fermeture de l&rsquo;a\u00e9roclub\"}]},{\"@type\":\"WebSite\",\"@id\":\"https:\/\/aeroclub-val-durance.fr\/#website\",\"url\":\"https:\/\/aeroclub-val-durance.fr\/\",\"name\":\"A\u00e9roclub Val de Durance\",\"description\":\"Ecole de pilotage | Gap-Tallard\",\"publisher\":{\"@id\":\"https:\/\/aeroclub-val-durance.fr\/#organization\"},\"potentialAction\":[{\"@type\":\"SearchAction\",\"target\":{\"@type\":\"EntryPoint\",\"urlTemplate\":\"https:\/\/aeroclub-val-durance.fr\/?s={search_term_string}\"},\"query-input\":{\"@type\":\"PropertyValueSpecification\",\"valueRequired\":true,\"valueName\":\"search_term_string\"}}],\"inLanguage\":\"fr-FR\"},{\"@type\":\"Organization\",\"@id\":\"https:\/\/aeroclub-val-durance.fr\/#organization\",\"name\":\"A\u00e9roclub Val de Durance\",\"url\":\"https:\/\/aeroclub-val-durance.fr\/\",\"logo\":{\"@type\":\"ImageObject\",\"inLanguage\":\"fr-FR\",\"@id\":\"https:\/\/aeroclub-val-durance.fr\/#\/schema\/logo\/image\/\",\"url\":\"http:\/\/aeroclub-val-durance.fr\/wp-content\/uploads\/2020\/03\/logo_AAVD_transp-e1585070919426.png\",\"contentUrl\":\"http:\/\/aeroclub-val-durance.fr\/wp-content\/uploads\/2020\/03\/logo_AAVD_transp-e1585070919426.png\",\"width\":150,\"height\":147,\"caption\":\"A\u00e9roclub Val de Durance\"},\"image\":{\"@id\":\"https:\/\/aeroclub-val-durance.fr\/#\/schema\/logo\/image\/\"},\"sameAs\":[\"https:\/\/www.facebook.com\/aavdgaptallard\/?ref=bookmarks\",\"https:\/\/www.instagram.com\/aavd05\/?hl=fr\",\"https:\/\/www.youtube.com\/channel\/UCcdqHD0aM77rSu-b7wrSdcQ\/videos\"]},{\"@type\":\"Person\",\"@id\":\"https:\/\/aeroclub-val-durance.fr\/#\/schema\/person\/bfe95a4c2554d9bd6d0976a180909b17\",\"name\":\"admin5813\",\"image\":{\"@type\":\"ImageObject\",\"inLanguage\":\"fr-FR\",\"@id\":\"https:\/\/aeroclub-val-durance.fr\/#\/schema\/person\/image\/\",\"url\":\"https:\/\/secure.gravatar.com\/avatar\/f8248bd6d6d5b753d7e27da1784c2f50620e7cfbe7434f0bca0cd837f8e19b57?s=96&d=mm&r=g\",\"contentUrl\":\"https:\/\/secure.gravatar.com\/avatar\/f8248bd6d6d5b753d7e27da1784c2f50620e7cfbe7434f0bca0cd837f8e19b57?s=96&d=mm&r=g\",\"caption\":\"admin5813\"}}]}<\/script>\n<!-- \/ Yoast SEO plugin. -->","yoast_head_json":{"title":"COVID19 - Fermeture de l'a\u00e9roclub - A\u00e9roclub Val de Durance","robots":{"index":"index","follow":"follow","max-snippet":"max-snippet:-1","max-image-preview":"max-image-preview:large","max-video-preview":"max-video-preview:-1"},"canonical":"http:\/\/aeroclub-val-durance.fr\/index.php\/2020\/04\/15\/covid19-fermeture-de-laeroclub\/","og_locale":"fr_FR","og_type":"article","og_title":"COVID19 - Fermeture de l'a\u00e9roclub - A\u00e9roclub Val de Durance","og_description":"En raison de la crise sanitaire qui s\u00e9vit en France, et conform\u00e9ment aux mesures gouvernementales, l&rsquo;AAVD est ferm\u00e9 et le restera aussi longtemps que n\u00e9cessaire. Les cl\u00e9s et carnets de route des avions ont \u00e9t\u00e9 retir\u00e9s.","og_url":"http:\/\/aeroclub-val-durance.fr\/index.php\/2020\/04\/15\/covid19-fermeture-de-laeroclub\/","og_site_name":"A\u00e9roclub Val de Durance","article_publisher":"https:\/\/www.facebook.com\/aavdgaptallard\/?ref=bookmarks","article_published_time":"2020-04-15T15:23:25+00:00","article_modified_time":"2020-04-19T14:33:00+00:00","og_image":[{"width":1200,"height":421,"url":"https:\/\/i0.wp.com\/aeroclub-val-durance.fr\/wp-content\/uploads\/2020\/04\/cropped-imgp1690.jpg?fit=1200%2C421","type":"image\/jpeg"}],"author":"admin5813","twitter_card":"summary_large_image","twitter_misc":{"\u00c9crit par":"admin5813"},"schema":{"@context":"https:\/\/schema.org","@graph":[{"@type":"Article","@id":"http:\/\/aeroclub-val-durance.fr\/index.php\/2020\/04\/15\/covid19-fermeture-de-laeroclub\/#article","isPartOf":{"@id":"http:\/\/aeroclub-val-durance.fr\/index.php\/2020\/04\/15\/covid19-fermeture-de-laeroclub\/"},"author":{"name":"admin5813","@id":"https:\/\/aeroclub-val-durance.fr\/#\/schema\/person\/bfe95a4c2554d9bd6d0976a180909b17"},"headline":"COVID19 &#8211; Fermeture de l&rsquo;a\u00e9roclub","datePublished":"2020-04-15T15:23:25+00:00","dateModified":"2020-04-19T14:33:00+00:00","mainEntityOfPage":{"@id":"http:\/\/aeroclub-val-durance.fr\/index.php\/2020\/04\/15\/covid19-fermeture-de-laeroclub\/"},"wordCount":47,"commentCount":0,"publisher":{"@id":"https:\/\/aeroclub-val-durance.fr\/#organization"},"image":{"@id":"http:\/\/aeroclub-val-durance.fr\/index.php\/2020\/04\/15\/covid19-fermeture-de-laeroclub\/#primaryimage"},"thumbnailUrl":"https:\/\/i0.wp.com\/aeroclub-val-durance.fr\/wp-content\/uploads\/2020\/04\/cropped-imgp1690.jpg?fit=1200%2C421&ssl=1","articleSection":["actus"],"inLanguage":"fr-FR","potentialAction":[{"@type":"CommentAction","name":"Comment","target":["http:\/\/aeroclub-val-durance.fr\/index.php\/2020\/04\/15\/covid19-fermeture-de-laeroclub\/#respond"]}]},{"@type":"WebPage","@id":"http:\/\/aeroclub-val-durance.fr\/index.php\/2020\/04\/15\/covid19-fermeture-de-laeroclub\/","url":"http:\/\/aeroclub-val-durance.fr\/index.php\/2020\/04\/15\/covid19-fermeture-de-laeroclub\/","name":"COVID19 - Fermeture de l'a\u00e9roclub - A\u00e9roclub Val de Durance","isPartOf":{"@id":"https:\/\/aeroclub-val-durance.fr\/#website"},"primaryImageOfPage":{"@id":"http:\/\/aeroclub-val-durance.fr\/index.php\/2020\/04\/15\/covid19-fermeture-de-laeroclub\/#primaryimage"},"image":{"@id":"http:\/\/aeroclub-val-durance.fr\/index.php\/2020\/04\/15\/covid19-fermeture-de-laeroclub\/#primaryimage"},"thumbnailUrl":"https:\/\/i0.wp.com\/aeroclub-val-durance.fr\/wp-content\/uploads\/2020\/04\/cropped-imgp1690.jpg?fit=1200%2C421&ssl=1","datePublished":"2020-04-15T15:23:25+00:00","dateModified":"2020-04-19T14:33:00+00:00","breadcrumb":{"@id":"http:\/\/aeroclub-val-durance.fr\/index.php\/2020\/04\/15\/covid19-fermeture-de-laeroclub\/#breadcrumb"},"inLanguage":"fr-FR","potentialAction":[{"@type":"ReadAction","target":["http:\/\/aeroclub-val-durance.fr\/index.php\/2020\/04\/15\/covid19-fermeture-de-laeroclub\/"]}]},{"@type":"ImageObject","inLanguage":"fr-FR","@id":"http:\/\/aeroclub-val-durance.fr\/index.php\/2020\/04\/15\/covid19-fermeture-de-laeroclub\/#primaryimage","url":"https:\/\/i0.wp.com\/aeroclub-val-durance.fr\/wp-content\/uploads\/2020\/04\/cropped-imgp1690.jpg?fit=1200%2C421&ssl=1","contentUrl":"https:\/\/i0.wp.com\/aeroclub-val-durance.fr\/wp-content\/uploads\/2020\/04\/cropped-imgp1690.jpg?fit=1200%2C421&ssl=1","width":1200,"height":421},{"@type":"BreadcrumbList","@id":"http:\/\/aeroclub-val-durance.fr\/index.php\/2020\/04\/15\/covid19-fermeture-de-laeroclub\/#breadcrumb","itemListElement":[{"@type":"ListItem","position":1,"name":"Accueil","item":"https:\/\/aeroclub-val-durance.fr\/"},{"@type":"ListItem","position":2,"name":"COVID19 &#8211; Fermeture de l&rsquo;a\u00e9roclub"}]},{"@type":"WebSite","@id":"https:\/\/aeroclub-val-durance.fr\/#website","url":"https:\/\/aeroclub-val-durance.fr\/","name":"A\u00e9roclub Val de Durance","description":"Ecole de pilotage | Gap-Tallard","publisher":{"@id":"https:\/\/aeroclub-val-durance.fr\/#organization"},"potentialAction":[{"@type":"SearchAction","target":{"@type":"EntryPoint","urlTemplate":"https:\/\/aeroclub-val-durance.fr\/?s={search_term_string}"},"query-input":{"@type":"PropertyValueSpecification","valueRequired":true,"valueName":"search_term_string"}}],"inLanguage":"fr-FR"},{"@type":"Organization","@id":"https:\/\/aeroclub-val-durance.fr\/#organization","name":"A\u00e9roclub Val de Durance","url":"https:\/\/aeroclub-val-durance.fr\/","logo":{"@type":"ImageObject","inLanguage":"fr-FR","@id":"https:\/\/aeroclub-val-durance.fr\/#\/schema\/logo\/image\/","url":"http:\/\/aeroclub-val-durance.fr\/wp-content\/uploads\/2020\/03\/logo_AAVD_transp-e1585070919426.png","contentUrl":"http:\/\/aeroclub-val-durance.fr\/wp-content\/uploads\/2020\/03\/logo_AAVD_transp-e1585070919426.png","width":150,"height":147,"caption":"A\u00e9roclub Val de Durance"},"image":{"@id":"https:\/\/aeroclub-val-durance.fr\/#\/schema\/logo\/image\/"},"sameAs":["https:\/\/www.facebook.com\/aavdgaptallard\/?ref=bookmarks","https:\/\/www.instagram.com\/aavd05\/?hl=fr","https:\/\/www.youtube.com\/channel\/UCcdqHD0aM77rSu-b7wrSdcQ\/videos"]},{"@type":"Person","@id":"https:\/\/aeroclub-val-durance.fr\/#\/schema\/person\/bfe95a4c2554d9bd6d0976a180909b17","name":"admin5813","image":{"@type":"ImageObject","inLanguage":"fr-FR","@id":"https:\/\/aeroclub-val-durance.fr\/#\/schema\/person\/image\/","url":"https:\/\/secure.gravatar.com\/avatar\/f8248bd6d6d5b753d7e27da1784c2f50620e7cfbe7434f0bca0cd837f8e19b57?s=96&d=mm&r=g","contentUrl":"https:\/\/secure.gravatar.com\/avatar\/f8248bd6d6d5b753d7e27da1784c2f50620e7cfbe7434f0bca0cd837f8e19b57?s=96&d=mm&r=g","caption":"admin5813"}}]}},"jetpack_featured_media_url":"https:\/\/i0.wp.com\/aeroclub-val-durance.fr\/wp-content\/uploads\/2020\/04\/cropped-imgp1690.jpg?fit=1200%2C421&ssl=1","jetpack_sharing_enabled":true,"_links":{"self":[{"href":"https:\/\/aeroclub-val-durance.fr\/index.php\/wp-json\/wp\/v2\/posts\/5568","targetHints":{"allow":["GET"]}}],"collection":[{"href":"https:\/\/aeroclub-val-durance.fr\/index.php\/wp-json\/wp\/v2\/posts"}],"about":[{"href":"https:\/\/aeroclub-val-durance.fr\/index.php\/wp-json\/wp\/v2\/types\/post"}],"author":[{"embeddable":true,"href":"https:\/\/aeroclub-val-durance.fr\/index.php\/wp-json\/wp\/v2\/users\/1"}],"replies":[{"embeddable":true,"href":"https:\/\/aeroclub-val-durance.fr\/index.php\/wp-json\/wp\/v2\/comments?post=5568"}],"version-history":[{"count":1,"href":"https:\/\/aeroclub-val-durance.fr\/index.php\/wp-json\/wp\/v2\/posts\/5568\/revisions"}],"predecessor-version":[{"id":5569,"href":"https:\/\/aeroclub-val-durance.fr\/index.php\/wp-json\/wp\/v2\/posts\/5568\/revisions\/5569"}],"wp:featuredmedia":[{"embeddable":true,"href":"https:\/\/aeroclub-val-durance.fr\/index.php\/wp-json\/wp\/v2\/media\/5576"}],"wp:attachment":[{"href":"https:\/\/aeroclub-val-durance.fr\/index.php\/wp-json\/wp\/v2\/media?parent=5568"}],"wp:term":[{"taxonomy":"category","embeddable":true,"href":"https:\/\/aeroclub-val-durance.fr\/index.php\/wp-json\/wp\/v2\/categories?post=5568"},{"taxonomy":"post_tag","embeddable":true,"href":"https:\/\/aeroclub-val-durance.fr\/index.php\/wp-json\/wp\/v2\/tags?post=5568"}],"curies":[{"name":"wp","href":"https:\/\/api.w.org\/{rel}","templated":true}]}}